{"id":1239,"date":"2025-01-18T12:22:10","date_gmt":"2025-01-18T12:22:10","guid":{"rendered":"https:\/\/vederevalencia.it\/agenda-culturale-di-valencia-eventi-e-festival-da-non-perdere\/"},"modified":"2025-08-10T17:50:51","modified_gmt":"2025-08-10T17:50:51","slug":"agenda-cultural-de-valencia-eventos-y-festivales-que-no-te-puedes-perder","status":"publish","type":"post","link":"https:\/\/vederevalencia.it\/es\/agenda-cultural-de-valencia-eventos-y-festivales-que-no-te-puedes-perder\/","title":{"rendered":"Agenda cultural de Valencia: eventos y festivales que no te puedes perder"},"content":{"rendered":"\n<p>Valencia es una ciudad que celebra la vida con una vibrante agenda cultural. Con una oferta que va desde festivales musicales y art\u00edsticos hasta tradiciones centenarias, la capital de la Comunidad Valenciana tiene algo para todos. A continuaci\u00f3n, te presentamos algunos de los eventos y festivales m\u00e1s importantes que no debes perderte si quieres vivir Valencia al m\u00e1ximo.<\/p>\n\n\n\n<h2 class=\"wp-block-heading\">1. Las Fallas: fuego, arte y tradici\u00f3n (marzo)<\/h2>\n\n\n\n<p>Las Fallas son sin duda el festival m\u00e1s emblem\u00e1tico de Valencia y uno de los eventos m\u00e1s esperados del a\u00f1o. Esta celebraci\u00f3n, que tiene lugar en honor a San Jos\u00e9 cada marzo, transforma la ciudad en un museo al aire libre lleno de esculturas monumentales llamadas fallas. Estas figuras de cart\u00f3n y madera, que pueden alcanzar alturas impresionantes, representan escenas humor\u00edsticas, sociales o pol\u00edticas y son obra de artistas locales que dedican meses a su creaci\u00f3n.<\/p>\n\n\n\n<p>Adem\u00e1s de la exposici\u00f3n de las fallas, el festival incluye la masclet\u00e1, una serie de fuegos artificiales y petardos que se lanzan diariamente en la Plaza del Ayuntamiento, y la Nit del Foc, un espect\u00e1culo pirot\u00e9cnico que ilumina el cielo de Valencia. La celebraci\u00f3n culmina con la Crem\u00e1, en la que las fallas se queman en un ritual purificador que simboliza la renovaci\u00f3n. Las Fallas, declaradas Patrimonio Cultural Inmaterial de la Humanidad por la UNESCO, son una experiencia \u00fanica para los sentidos.<\/p>\n\n\n\n<h2 class=\"wp-block-heading\">2. Festival de Les Arts: m\u00fasica y creatividad en un entorno ic\u00f3nico (junio)<\/h2>\n\n\n\n<p>Cada a\u00f1o, en junio, el Festival de Les Arts re\u00fane a miles de amantes de la m\u00fasica en la Ciudad de las Artes y las Ciencias. Este evento se caracteriza por un programa musical ecl\u00e9ctico que combina g\u00e9neros como pop, rock, electr\u00f3nica e indie, y atrae a artistas nacionales e internacionales. Pero Les Arts no es solo m\u00fasica: el festival tambi\u00e9n incorpora arte, gastronom\u00eda y dise\u00f1o en un espacio de vanguardia.<\/p>\n\n\n\n<p>Los asistentes pueden disfrutar de instalaciones art\u00edsticas, exposiciones y una selecci\u00f3n de food trucks con propuestas gastron\u00f3micas de alta calidad, todo inmerso en el ambiente festivo de la Ciudad de las Artes. Si quieres sumergirte en la escena creativa y moderna de Valencia, este festival es una parada obligatoria.<\/p>\n\n\n\n<h2 class=\"wp-block-heading\">3. La Tomatina de Bu\u00f1ol: una explosi\u00f3n de color y diversi\u00f3n (agosto)<\/h2>\n\n\n\n<p>Aunque se celebra en Bu\u00f1ol, un peque\u00f1o pueblo a unos 40 km de Valencia, La Tomatina se ha convertido en uno de los eventos m\u00e1s internacionales de la regi\u00f3n. Este particular festival tiene lugar el \u00faltimo mi\u00e9rcoles de agosto y consiste en una batalla de tomates en la que participan miles de personas de todo el mundo.<\/p>\n\n\n\n<p>La Tomatina es una fiesta llena de buen humor y color, donde todos terminan cubiertos de tomate en un ambiente de pura diversi\u00f3n. Adem\u00e1s del evento principal, Bu\u00f1ol organiza actividades y conciertos que completan la experiencia. Es importante reservar con antelaci\u00f3n, ya que las entradas son limitadas y el evento se agota r\u00e1pidamente.<\/p>\n\n\n\n<h2 class=\"wp-block-heading\">4. Feria de Julio: un mes de actividades para todos los gustos (julio)<\/h2>\n\n\n\n<p>La Feria de Julio es uno de los eventos m\u00e1s antiguos de Valencia, con m\u00e1s de un siglo de historia. Esta celebraci\u00f3n naci\u00f3 como una manera de atraer visitantes durante el verano y se ha convertido en una de las citas culturales m\u00e1s importantes de la ciudad. Durante todo el mes de julio, Valencia se llena de conciertos, espect\u00e1culos teatrales, mercados y actividades para todas las edades.<\/p>\n\n\n\n<p>Uno de los momentos m\u00e1s esperados de la Feria de Julio es la Batalla de Flores, un desfile lleno de color donde las carrozas decoradas lanzan p\u00e9talos de flores al p\u00fablico en un espect\u00e1culo visual inolvidable. Tambi\u00e9n hay fuegos artificiales y la tradicional Gran Nit de Juliol, una noche en la que museos, monumentos y otros espacios culturales abren sus puertas gratuitamente.<\/p>\n\n\n\n<h2 class=\"wp-block-heading\">5. Festival Internacional de Cine de Valencia Cinema Jove (junio)<\/h2>\n\n\n\n<p>Cinema Jove, que se celebra en junio, es uno de los festivales cinematogr\u00e1ficos m\u00e1s importantes de Valencia y est\u00e1 dedicado principalmente a apoyar a j\u00f3venes directores y nuevas propuestas audiovisuales. Este festival, que incluye una secci\u00f3n oficial de cortometrajes y largometrajes, ofrece una plataforma a los nuevos talentos, mostrando lo mejor del cine emergente de todo el mundo.<\/p>\n\n\n\n<p>Las proyecciones se realizan en distintos espacios de la ciudad, y el festival incluye actividades paralelas como talleres, mesas redondas y encuentros con cineastas. Si eres amante del cine y quieres descubrir nuevas perspectivas, Cinema Jove es el lugar perfecto para explorar el talento de las futuras estrellas del cine.<\/p>\n\n\n\n<h2 class=\"wp-block-heading\">6. Fiesta de la Comunidad Valenciana: una celebraci\u00f3n de identidad y orgullo (9 de octubre)<\/h2>\n\n\n\n<p>La Fiesta de la Comunidad Valenciana, que se celebra cada 9 de octubre, conmemora la entrada del rey Jaime I en la ciudad en 1238, que marc\u00f3 el fin de la ocupaci\u00f3n musulmana. Esta fiesta tiene un fuerte sentido de identidad para los valencianos y es una oportunidad perfecta para sumergirse en la cultura local.<\/p>\n\n\n\n<p>Durante esta jornada se realizan desfiles hist\u00f3ricos, recreaciones medievales y espect\u00e1culos de m\u00fasica y danza tradicional. En la Plaza del Ayuntamiento es com\u00fan ver la tradicional Mocador\u00e1, donde las parejas se intercambian dulces t\u00edpicos de mazap\u00e1n envueltos en un pa\u00f1uelo. Esta festividad es una ventana a las tradiciones valencianas y al orgullo de su gente.<\/p>\n\n\n\n<h2 class=\"wp-block-heading\">7. Festival de Jazz de Valencia: Ritmo y Pasi\u00f3n (julio)<\/h2>\n\n\n\n<p>Para los amantes del jazz, Valencia organiza un festival anual que re\u00fane a algunos de los mejores m\u00fasicos nacionales e internacionales. Durante el mes de julio, el Festival de Jazz de Valencia ofrece conciertos en varios lugares de la ciudad, como el Palau de la M\u00fasica y diferentes escenarios al aire libre.<\/p>\n\n\n\n<p>El festival presenta un programa variado que va desde el jazz cl\u00e1sico hasta las fusiones contempor\u00e1neas, y ofrece conciertos gratuitos y de pago. Es una excelente oportunidad para disfrutar del talento de artistas consagrados y descubrir nuevas propuestas en un ambiente acogedor y aut\u00e9ntico.<\/p>\n\n\n\n<p>La agenda cultural de Valencia es tan rica y diversa como la ciudad misma. Cada evento y festival ofrece una experiencia \u00fanica, una forma diferente de conocer Valencia y su gente. Desde tradiciones centenarias hasta festivales modernos, esta ciudad est\u00e1 llena de momentos memorables listos para ser vividos. \u00bfCu\u00e1l de estos eventos se convertir\u00e1 en tu favorito?<\/p>\n","protected":false},"excerpt":{"rendered":"<p>Valencia es una ciudad que celebra la vida con una vibrante agenda cultural. Con una oferta que va desde festivales musicales y art\u00edsticos hasta tradiciones centenarias, la capital de la Comunidad Valenciana tiene algo para todos. A continuaci\u00f3n, te presentamos algunos de los eventos y festivales m\u00e1s importantes que no debes perderte si quieres vivir [&hellip;]<\/p>\n","protected":false},"author":1,"featured_media":490,"comment_status":"open","ping_status":"open","sticky":false,"template":"","format":"standard","meta":{"_acf_changed":false,"footnotes":""},"categories":[12],"tags":[],"class_list":["post-1239","post","type-post","status-publish","format-standard","has-post-thumbnail","hentry","category-sin-categorizar"],"acf":[],"yoast_head":"<!-- This site is optimized with the Yoast SEO plugin v24.3 - https:\/\/yoast.com\/wordpress\/plugins\/seo\/ -->\n<title>Agenda cultural de Valencia: eventos y festivales que no te puedes perder - Vedere Valencia<\/title>\n<meta name=\"robots\" content=\"noindex, follow, max-snippet:-1, max-image-preview:large, max-video-preview:-1\" \/>\n<meta property=\"og:locale\" content=\"es_ES\" \/>\n<meta property=\"og:type\" content=\"article\" \/>\n<meta property=\"og:title\" content=\"Agenda cultural de Valencia: eventos y festivales que no te puedes perder - Vedere Valencia\" \/>\n<meta property=\"og:description\" content=\"Valencia es una ciudad que celebra la vida con una vibrante agenda cultural. Con una oferta que va desde festivales musicales y art\u00edsticos hasta tradiciones centenarias, la capital de la Comunidad Valenciana tiene algo para todos. A continuaci\u00f3n, te presentamos algunos de los eventos y festivales m\u00e1s importantes que no debes perderte si quieres vivir [&hellip;]\" \/>\n<meta property=\"og:url\" content=\"https:\/\/vederevalencia.it\/es\/agenda-cultural-de-valencia-eventos-y-festivales-que-no-te-puedes-perder\/\" \/>\n<meta property=\"og:site_name\" content=\"Vedere Valencia\" \/>\n<meta property=\"article:published_time\" content=\"2025-01-18T12:22:10+00:00\" \/>\n<meta property=\"article:modified_time\" content=\"2025-08-10T17:50:51+00:00\" \/>\n<meta property=\"og:image\" content=\"https:\/\/vederevalencia.it\/wp-content\/uploads\/2025\/01\/detail-of-the-beautiful-and-traditional-fallas-co-2024-10-18-09-59-08-utc.jpg\" \/>\n\t<meta property=\"og:image:width\" content=\"1920\" \/>\n\t<meta property=\"og:image:height\" content=\"1282\" \/>\n\t<meta property=\"og:image:type\" content=\"image\/jpeg\" \/>\n<meta name=\"author\" content=\"pier_vederevalencia\" \/>\n<meta name=\"twitter:card\" content=\"summary_large_image\" \/>\n<meta name=\"twitter:label1\" content=\"Escrito por\" \/>\n\t<meta name=\"twitter:data1\" content=\"pier_vederevalencia\" \/>\n\t<meta name=\"twitter:label2\" content=\"Tiempo de lectura\" \/>\n\t<meta name=\"twitter:data2\" content=\"6 minutos\" \/>\n<script type=\"application\/ld+json\" class=\"yoast-schema-graph\">{\"@context\":\"https:\/\/schema.org\",\"@graph\":[{\"@type\":\"Article\",\"@id\":\"https:\/\/vederevalencia.it\/es\/agenda-cultural-de-valencia-eventos-y-festivales-que-no-te-puedes-perder\/#article\",\"isPartOf\":{\"@id\":\"https:\/\/vederevalencia.it\/es\/agenda-cultural-de-valencia-eventos-y-festivales-que-no-te-puedes-perder\/\"},\"author\":{\"name\":\"pier_vederevalencia\",\"@id\":\"https:\/\/vederevalencia.it\/es\/#\/schema\/person\/c745b1b11e331036de458889344ca8ba\"},\"headline\":\"Agenda cultural de Valencia: eventos y festivales que no te puedes perder\",\"datePublished\":\"2025-01-18T12:22:10+00:00\",\"dateModified\":\"2025-08-10T17:50:51+00:00\",\"mainEntityOfPage\":{\"@id\":\"https:\/\/vederevalencia.it\/es\/agenda-cultural-de-valencia-eventos-y-festivales-que-no-te-puedes-perder\/\"},\"wordCount\":1107,\"commentCount\":0,\"publisher\":{\"@id\":\"https:\/\/vederevalencia.it\/es\/#organization\"},\"image\":{\"@id\":\"https:\/\/vederevalencia.it\/es\/agenda-cultural-de-valencia-eventos-y-festivales-que-no-te-puedes-perder\/#primaryimage\"},\"thumbnailUrl\":\"https:\/\/vederevalencia.it\/wp-content\/uploads\/2025\/01\/detail-of-the-beautiful-and-traditional-fallas-co-2024-10-18-09-59-08-utc.jpg\",\"articleSection\":[\"Sin categorizar\"],\"inLanguage\":\"es\",\"potentialAction\":[{\"@type\":\"CommentAction\",\"name\":\"Comment\",\"target\":[\"https:\/\/vederevalencia.it\/es\/agenda-cultural-de-valencia-eventos-y-festivales-que-no-te-puedes-perder\/#respond\"]}]},{\"@type\":\"WebPage\",\"@id\":\"https:\/\/vederevalencia.it\/es\/agenda-cultural-de-valencia-eventos-y-festivales-que-no-te-puedes-perder\/\",\"url\":\"https:\/\/vederevalencia.it\/es\/agenda-cultural-de-valencia-eventos-y-festivales-que-no-te-puedes-perder\/\",\"name\":\"Agenda cultural de Valencia: eventos y festivales que no te puedes perder - Vedere Valencia\",\"isPartOf\":{\"@id\":\"https:\/\/vederevalencia.it\/es\/#website\"},\"primaryImageOfPage\":{\"@id\":\"https:\/\/vederevalencia.it\/es\/agenda-cultural-de-valencia-eventos-y-festivales-que-no-te-puedes-perder\/#primaryimage\"},\"image\":{\"@id\":\"https:\/\/vederevalencia.it\/es\/agenda-cultural-de-valencia-eventos-y-festivales-que-no-te-puedes-perder\/#primaryimage\"},\"thumbnailUrl\":\"https:\/\/vederevalencia.it\/wp-content\/uploads\/2025\/01\/detail-of-the-beautiful-and-traditional-fallas-co-2024-10-18-09-59-08-utc.jpg\",\"datePublished\":\"2025-01-18T12:22:10+00:00\",\"dateModified\":\"2025-08-10T17:50:51+00:00\",\"breadcrumb\":{\"@id\":\"https:\/\/vederevalencia.it\/es\/agenda-cultural-de-valencia-eventos-y-festivales-que-no-te-puedes-perder\/#breadcrumb\"},\"inLanguage\":\"es\",\"potentialAction\":[{\"@type\":\"ReadAction\",\"target\":[\"https:\/\/vederevalencia.it\/es\/agenda-cultural-de-valencia-eventos-y-festivales-que-no-te-puedes-perder\/\"]}]},{\"@type\":\"ImageObject\",\"inLanguage\":\"es\",\"@id\":\"https:\/\/vederevalencia.it\/es\/agenda-cultural-de-valencia-eventos-y-festivales-que-no-te-puedes-perder\/#primaryimage\",\"url\":\"https:\/\/vederevalencia.it\/wp-content\/uploads\/2025\/01\/detail-of-the-beautiful-and-traditional-fallas-co-2024-10-18-09-59-08-utc.jpg\",\"contentUrl\":\"https:\/\/vederevalencia.it\/wp-content\/uploads\/2025\/01\/detail-of-the-beautiful-and-traditional-fallas-co-2024-10-18-09-59-08-utc.jpg\",\"width\":1920,\"height\":1282,\"caption\":\"Fallas de Valencia\"},{\"@type\":\"BreadcrumbList\",\"@id\":\"https:\/\/vederevalencia.it\/es\/agenda-cultural-de-valencia-eventos-y-festivales-que-no-te-puedes-perder\/#breadcrumb\",\"itemListElement\":[{\"@type\":\"ListItem\",\"position\":1,\"name\":\"Portada\",\"item\":\"https:\/\/vederevalencia.it\/es\/\"},{\"@type\":\"ListItem\",\"position\":2,\"name\":\"Agenda cultural de Valencia: eventos y festivales que no te puedes perder\"}]},{\"@type\":\"WebSite\",\"@id\":\"https:\/\/vederevalencia.it\/es\/#website\",\"url\":\"https:\/\/vederevalencia.it\/es\/\",\"name\":\"Vedere Valencia\",\"description\":\"Pierluigi Melis Tours\",\"publisher\":{\"@id\":\"https:\/\/vederevalencia.it\/es\/#organization\"},\"potentialAction\":[{\"@type\":\"SearchAction\",\"target\":{\"@type\":\"EntryPoint\",\"urlTemplate\":\"https:\/\/vederevalencia.it\/es\/?s={search_term_string}\"},\"query-input\":{\"@type\":\"PropertyValueSpecification\",\"valueRequired\":true,\"valueName\":\"search_term_string\"}}],\"inLanguage\":\"es\"},{\"@type\":\"Organization\",\"@id\":\"https:\/\/vederevalencia.it\/es\/#organization\",\"name\":\"Vedere Valencia\",\"url\":\"https:\/\/vederevalencia.it\/es\/\",\"logo\":{\"@type\":\"ImageObject\",\"inLanguage\":\"es\",\"@id\":\"https:\/\/vederevalencia.it\/es\/#\/schema\/logo\/image\/\",\"url\":\"https:\/\/vederevalencia.it\/wp-content\/uploads\/2022\/09\/Logo.jpg\",\"contentUrl\":\"https:\/\/vederevalencia.it\/wp-content\/uploads\/2022\/09\/Logo.jpg\",\"width\":101,\"height\":91,\"caption\":\"Vedere Valencia\"},\"image\":{\"@id\":\"https:\/\/vederevalencia.it\/es\/#\/schema\/logo\/image\/\"}},{\"@type\":\"Person\",\"@id\":\"https:\/\/vederevalencia.it\/es\/#\/schema\/person\/c745b1b11e331036de458889344ca8ba\",\"name\":\"pier_vederevalencia\",\"image\":{\"@type\":\"ImageObject\",\"inLanguage\":\"es\",\"@id\":\"https:\/\/vederevalencia.it\/es\/#\/schema\/person\/image\/\",\"url\":\"https:\/\/secure.gravatar.com\/avatar\/4cde4ef61295bf3ade2023a291902abd33441a07c0a8674d17f8802503dabccb?s=96&d=mm&r=g\",\"contentUrl\":\"https:\/\/secure.gravatar.com\/avatar\/4cde4ef61295bf3ade2023a291902abd33441a07c0a8674d17f8802503dabccb?s=96&d=mm&r=g\",\"caption\":\"pier_vederevalencia\"},\"sameAs\":[\"https:\/\/vederevalencia.it\"],\"url\":\"https:\/\/vederevalencia.it\/es\/author\/pier_vederevalencia\/\"}]}<\/script>\n<!-- \/ Yoast SEO plugin. -->","yoast_head_json":{"title":"Agenda cultural de Valencia: eventos y festivales que no te puedes perder - Vedere Valencia","robots":{"index":"noindex","follow":"follow","max-snippet":"max-snippet:-1","max-image-preview":"max-image-preview:large","max-video-preview":"max-video-preview:-1"},"og_locale":"es_ES","og_type":"article","og_title":"Agenda cultural de Valencia: eventos y festivales que no te puedes perder - Vedere Valencia","og_description":"Valencia es una ciudad que celebra la vida con una vibrante agenda cultural. Con una oferta que va desde festivales musicales y art\u00edsticos hasta tradiciones centenarias, la capital de la Comunidad Valenciana tiene algo para todos. A continuaci\u00f3n, te presentamos algunos de los eventos y festivales m\u00e1s importantes que no debes perderte si quieres vivir [&hellip;]","og_url":"https:\/\/vederevalencia.it\/es\/agenda-cultural-de-valencia-eventos-y-festivales-que-no-te-puedes-perder\/","og_site_name":"Vedere Valencia","article_published_time":"2025-01-18T12:22:10+00:00","article_modified_time":"2025-08-10T17:50:51+00:00","og_image":[{"width":1920,"height":1282,"url":"https:\/\/vederevalencia.it\/wp-content\/uploads\/2025\/01\/detail-of-the-beautiful-and-traditional-fallas-co-2024-10-18-09-59-08-utc.jpg","type":"image\/jpeg"}],"author":"pier_vederevalencia","twitter_card":"summary_large_image","twitter_misc":{"Escrito por":"pier_vederevalencia","Tiempo de lectura":"6 minutos"},"schema":{"@context":"https:\/\/schema.org","@graph":[{"@type":"Article","@id":"https:\/\/vederevalencia.it\/es\/agenda-cultural-de-valencia-eventos-y-festivales-que-no-te-puedes-perder\/#article","isPartOf":{"@id":"https:\/\/vederevalencia.it\/es\/agenda-cultural-de-valencia-eventos-y-festivales-que-no-te-puedes-perder\/"},"author":{"name":"pier_vederevalencia","@id":"https:\/\/vederevalencia.it\/es\/#\/schema\/person\/c745b1b11e331036de458889344ca8ba"},"headline":"Agenda cultural de Valencia: eventos y festivales que no te puedes perder","datePublished":"2025-01-18T12:22:10+00:00","dateModified":"2025-08-10T17:50:51+00:00","mainEntityOfPage":{"@id":"https:\/\/vederevalencia.it\/es\/agenda-cultural-de-valencia-eventos-y-festivales-que-no-te-puedes-perder\/"},"wordCount":1107,"commentCount":0,"publisher":{"@id":"https:\/\/vederevalencia.it\/es\/#organization"},"image":{"@id":"https:\/\/vederevalencia.it\/es\/agenda-cultural-de-valencia-eventos-y-festivales-que-no-te-puedes-perder\/#primaryimage"},"thumbnailUrl":"https:\/\/vederevalencia.it\/wp-content\/uploads\/2025\/01\/detail-of-the-beautiful-and-traditional-fallas-co-2024-10-18-09-59-08-utc.jpg","articleSection":["Sin categorizar"],"inLanguage":"es","potentialAction":[{"@type":"CommentAction","name":"Comment","target":["https:\/\/vederevalencia.it\/es\/agenda-cultural-de-valencia-eventos-y-festivales-que-no-te-puedes-perder\/#respond"]}]},{"@type":"WebPage","@id":"https:\/\/vederevalencia.it\/es\/agenda-cultural-de-valencia-eventos-y-festivales-que-no-te-puedes-perder\/","url":"https:\/\/vederevalencia.it\/es\/agenda-cultural-de-valencia-eventos-y-festivales-que-no-te-puedes-perder\/","name":"Agenda cultural de Valencia: eventos y festivales que no te puedes perder - Vedere Valencia","isPartOf":{"@id":"https:\/\/vederevalencia.it\/es\/#website"},"primaryImageOfPage":{"@id":"https:\/\/vederevalencia.it\/es\/agenda-cultural-de-valencia-eventos-y-festivales-que-no-te-puedes-perder\/#primaryimage"},"image":{"@id":"https:\/\/vederevalencia.it\/es\/agenda-cultural-de-valencia-eventos-y-festivales-que-no-te-puedes-perder\/#primaryimage"},"thumbnailUrl":"https:\/\/vederevalencia.it\/wp-content\/uploads\/2025\/01\/detail-of-the-beautiful-and-traditional-fallas-co-2024-10-18-09-59-08-utc.jpg","datePublished":"2025-01-18T12:22:10+00:00","dateModified":"2025-08-10T17:50:51+00:00","breadcrumb":{"@id":"https:\/\/vederevalencia.it\/es\/agenda-cultural-de-valencia-eventos-y-festivales-que-no-te-puedes-perder\/#breadcrumb"},"inLanguage":"es","potentialAction":[{"@type":"ReadAction","target":["https:\/\/vederevalencia.it\/es\/agenda-cultural-de-valencia-eventos-y-festivales-que-no-te-puedes-perder\/"]}]},{"@type":"ImageObject","inLanguage":"es","@id":"https:\/\/vederevalencia.it\/es\/agenda-cultural-de-valencia-eventos-y-festivales-que-no-te-puedes-perder\/#primaryimage","url":"https:\/\/vederevalencia.it\/wp-content\/uploads\/2025\/01\/detail-of-the-beautiful-and-traditional-fallas-co-2024-10-18-09-59-08-utc.jpg","contentUrl":"https:\/\/vederevalencia.it\/wp-content\/uploads\/2025\/01\/detail-of-the-beautiful-and-traditional-fallas-co-2024-10-18-09-59-08-utc.jpg","width":1920,"height":1282,"caption":"Fallas de Valencia"},{"@type":"BreadcrumbList","@id":"https:\/\/vederevalencia.it\/es\/agenda-cultural-de-valencia-eventos-y-festivales-que-no-te-puedes-perder\/#breadcrumb","itemListElement":[{"@type":"ListItem","position":1,"name":"Portada","item":"https:\/\/vederevalencia.it\/es\/"},{"@type":"ListItem","position":2,"name":"Agenda cultural de Valencia: eventos y festivales que no te puedes perder"}]},{"@type":"WebSite","@id":"https:\/\/vederevalencia.it\/es\/#website","url":"https:\/\/vederevalencia.it\/es\/","name":"Vedere Valencia","description":"Pierluigi Melis Tours","publisher":{"@id":"https:\/\/vederevalencia.it\/es\/#organization"},"potentialAction":[{"@type":"SearchAction","target":{"@type":"EntryPoint","urlTemplate":"https:\/\/vederevalencia.it\/es\/?s={search_term_string}"},"query-input":{"@type":"PropertyValueSpecification","valueRequired":true,"valueName":"search_term_string"}}],"inLanguage":"es"},{"@type":"Organization","@id":"https:\/\/vederevalencia.it\/es\/#organization","name":"Vedere Valencia","url":"https:\/\/vederevalencia.it\/es\/","logo":{"@type":"ImageObject","inLanguage":"es","@id":"https:\/\/vederevalencia.it\/es\/#\/schema\/logo\/image\/","url":"https:\/\/vederevalencia.it\/wp-content\/uploads\/2022\/09\/Logo.jpg","contentUrl":"https:\/\/vederevalencia.it\/wp-content\/uploads\/2022\/09\/Logo.jpg","width":101,"height":91,"caption":"Vedere Valencia"},"image":{"@id":"https:\/\/vederevalencia.it\/es\/#\/schema\/logo\/image\/"}},{"@type":"Person","@id":"https:\/\/vederevalencia.it\/es\/#\/schema\/person\/c745b1b11e331036de458889344ca8ba","name":"pier_vederevalencia","image":{"@type":"ImageObject","inLanguage":"es","@id":"https:\/\/vederevalencia.it\/es\/#\/schema\/person\/image\/","url":"https:\/\/secure.gravatar.com\/avatar\/4cde4ef61295bf3ade2023a291902abd33441a07c0a8674d17f8802503dabccb?s=96&d=mm&r=g","contentUrl":"https:\/\/secure.gravatar.com\/avatar\/4cde4ef61295bf3ade2023a291902abd33441a07c0a8674d17f8802503dabccb?s=96&d=mm&r=g","caption":"pier_vederevalencia"},"sameAs":["https:\/\/vederevalencia.it"],"url":"https:\/\/vederevalencia.it\/es\/author\/pier_vederevalencia\/"}]}},"_links":{"self":[{"href":"https:\/\/vederevalencia.it\/es\/wp-json\/wp\/v2\/posts\/1239","targetHints":{"allow":["GET"]}}],"collection":[{"href":"https:\/\/vederevalencia.it\/es\/wp-json\/wp\/v2\/posts"}],"about":[{"href":"https:\/\/vederevalencia.it\/es\/wp-json\/wp\/v2\/types\/post"}],"author":[{"embeddable":true,"href":"https:\/\/vederevalencia.it\/es\/wp-json\/wp\/v2\/users\/1"}],"replies":[{"embeddable":true,"href":"https:\/\/vederevalencia.it\/es\/wp-json\/wp\/v2\/comments?post=1239"}],"version-history":[{"count":1,"href":"https:\/\/vederevalencia.it\/es\/wp-json\/wp\/v2\/posts\/1239\/revisions"}],"predecessor-version":[{"id":1245,"href":"https:\/\/vederevalencia.it\/es\/wp-json\/wp\/v2\/posts\/1239\/revisions\/1245"}],"wp:featuredmedia":[{"embeddable":true,"href":"https:\/\/vederevalencia.it\/es\/wp-json\/wp\/v2\/media\/490"}],"wp:attachment":[{"href":"https:\/\/vederevalencia.it\/es\/wp-json\/wp\/v2\/media?parent=1239"}],"wp:term":[{"taxonomy":"category","embeddable":true,"href":"https:\/\/vederevalencia.it\/es\/wp-json\/wp\/v2\/categories?post=1239"},{"taxonomy":"post_tag","embeddable":true,"href":"https:\/\/vederevalencia.it\/es\/wp-json\/wp\/v2\/tags?post=1239"}],"curies":[{"name":"wp","href":"https:\/\/api.w.org\/{rel}","templated":true}]}}