{"id":1231,"date":"2025-01-17T14:46:23","date_gmt":"2025-01-17T14:46:23","guid":{"rendered":"https:\/\/vederevalencia.it\/alla-scoperta-della-valencia-storica-i-monumenti-imprescindibili-da-visitare\/"},"modified":"2025-08-10T17:30:13","modified_gmt":"2025-08-10T17:30:13","slug":"alla-scoperta-della-valencia-storica-i-monumenti-imprescindibili-da-visitare","status":"publish","type":"post","link":"https:\/\/vederevalencia.it\/es\/alla-scoperta-della-valencia-storica-i-monumenti-imprescindibili-da-visitare\/","title":{"rendered":"Descubrir la Valencia hist\u00f3rica: monumentos de visita obligada"},"content":{"rendered":"\n<p>Valencia es una ciudad con una historia milenaria que se refleja en sus monumentos, plazas y calles del casco hist\u00f3rico. Un viaje al coraz\u00f3n de la ciudad permite sumergirse en diferentes \u00e9pocas, desde el per\u00edodo romano hasta el barroco, pasando por la Edad Media y el Renacimiento. Este recorrido por sus arquitecturas m\u00e1s significativas ofrece una experiencia completa para quienes realmente quieren conocer Valencia.<\/p>\n\n\n\n<h2 class=\"wp-block-heading\">Mercado Central, una joya de la arquitectura modernista<\/h2>\n\n\n\n<p>Situado en la Plaza Ciudad de Brujas, el Mercado Central es un edificio sorprendente, construido entre 1914 y 1928 en estilo modernista. Sus grandes vidrieras de colores, columnas de hierro y b\u00f3vedas de crucer\u00eda crean un ambiente luminoso y animado. El mercado alberga una gran variedad de productos frescos: pescado, carne, frutas, verduras, especias y especialidades locales, convirti\u00e9ndolo en un lugar perfecto para descubrir los sabores aut\u00e9nticos de Valencia.<\/p>\n\n\n\n<h2 class=\"wp-block-heading\">Iglesia de Santos Juanes, un ejemplo del barroco valenciano<\/h2>\n\n\n\n<p>La iglesia de Santos Juanes se encuentra en la Plaza de la Reina y es un ejemplo de arte barroco. Construida en el siglo XIV y renovada tras un incendio en el siglo XVII, presenta una fachada ricamente decorada con estatuas y frescos. En el interior destacan el techo artesonado y los altares tallados, testimonio de la gran tradici\u00f3n art\u00edstica de la ciudad.<\/p>\n\n\n\n<h2 class=\"wp-block-heading\">La catedral de Valencia y el campanario El Miguelete<\/h2>\n\n\n\n<p>Tambi\u00e9n en la Plaza de la Reina se encuentra la catedral de Valencia, un edificio que mezcla estilos diferentes: g\u00f3tico, rom\u00e1nico, barroco y renacentista. Seg\u00fan la tradici\u00f3n, conserva el Santo Grial. Subir al campanario El Miguelete, de 51 metros de altura, ofrece una vista panor\u00e1mica que abarca la ciudad y el mar, una experiencia imperdible.<\/p>\n\n\n\n<h2 class=\"wp-block-heading\">La Lonja de la Seda, patrimonio de la humanidad<\/h2>\n\n\n\n<p>Cerca del Mercado Central est\u00e1 la Lonja de la Seda, edificio g\u00f3tico civil construido entre los siglos XV y XVI. Fue el centro del comercio de la seda, s\u00edmbolo de la prosperidad medieval valenciana. La Sala de las Contrataciones, con sus columnas retorcidas y b\u00f3vedas de crucer\u00eda, es una verdadera maravilla arquitect\u00f3nica, ideal para sumergirse en la historia mercantil de Valencia.<\/p>\n\n\n\n<h2 class=\"wp-block-heading\">Torres de Serranos y Torres de Quart, testimonios de las murallas medievales<\/h2>\n\n\n\n<p>Las Torres de Serranos, que datan del siglo XIV, fueron la entrada principal por el norte y est\u00e1n entre las torres mejor conservadas de Espa\u00f1a. Las Torres de Quart, al oeste, a\u00fan muestran las marcas de los balazos de la guerra de sucesi\u00f3n espa\u00f1ola. Ambas ofrecen la posibilidad de subir y admirar una vista sugestiva del casco hist\u00f3rico.<\/p>\n\n\n\n<h2 class=\"wp-block-heading\">Plaza de la Virgen y la Fuente del Turia<\/h2>\n\n\n\n<p>La Plaza de la Virgen es una de las plazas m\u00e1s sugestivas de Valencia, con la Bas\u00edlica de la Virgen de los Desamparados, dedicada a la patrona de la ciudad. Aqu\u00ed tambi\u00e9n se encuentra la Fuente del Turia, que recuerda el antiguo r\u00edo que atravesaba la ciudad. Esta plaza es un lugar perfecto para disfrutar de la atm\u00f3sfera hist\u00f3rica y social de Valencia.<\/p>\n\n\n\n<hr class=\"wp-block-separator has-alpha-channel-opacity\"\/>\n\n\n\n<p>Si quieres profundizar en la historia de estos monumentos y vivir una visita envolvente y llena de an\u00e9cdotas, puedo ayudarte a organizar un tour guiado personalizado. <strong><a href=\"https:\/\/vederevalencia.it\/es\/contacto\/\">Cont\u00e1ctame<\/a><\/strong> para descubrir la Valencia hist\u00f3rica de una manera \u00fanica y aut\u00e9ntica.<\/p>\n","protected":false},"excerpt":{"rendered":"<p>Valencia es una ciudad con una historia milenaria que se refleja en sus monumentos, plazas y calles del casco hist\u00f3rico. Un viaje al coraz\u00f3n de la ciudad permite sumergirse en diferentes \u00e9pocas, desde el per\u00edodo romano hasta el barroco, pasando por la Edad Media y el Renacimiento. Este recorrido por sus arquitecturas m\u00e1s significativas ofrece [&hellip;]<\/p>\n","protected":false},"author":1,"featured_media":388,"comment_status":"open","ping_status":"open","sticky":false,"template":"","format":"standard","meta":{"_acf_changed":false,"footnotes":""},"categories":[12],"tags":[],"class_list":["post-1231","post","type-post","status-publish","format-standard","has-post-thumbnail","hentry","category-sin-categorizar"],"acf":[],"yoast_head":"<!-- This site is optimized with the Yoast SEO plugin v24.3 - https:\/\/yoast.com\/wordpress\/plugins\/seo\/ -->\n<title>Descubrir la Valencia hist\u00f3rica: monumentos de visita obligada - Vedere Valencia<\/title>\n<meta name=\"robots\" content=\"noindex, follow, max-snippet:-1, max-image-preview:large, max-video-preview:-1\" \/>\n<meta property=\"og:locale\" content=\"es_ES\" \/>\n<meta property=\"og:type\" content=\"article\" \/>\n<meta property=\"og:title\" content=\"Descubrir la Valencia hist\u00f3rica: monumentos de visita obligada - Vedere Valencia\" \/>\n<meta property=\"og:description\" content=\"Valencia es una ciudad con una historia milenaria que se refleja en sus monumentos, plazas y calles del casco hist\u00f3rico. Un viaje al coraz\u00f3n de la ciudad permite sumergirse en diferentes \u00e9pocas, desde el per\u00edodo romano hasta el barroco, pasando por la Edad Media y el Renacimiento. Este recorrido por sus arquitecturas m\u00e1s significativas ofrece [&hellip;]\" \/>\n<meta property=\"og:url\" content=\"https:\/\/vederevalencia.it\/es\/alla-scoperta-della-valencia-storica-i-monumenti-imprescindibili-da-visitare\/\" \/>\n<meta property=\"og:site_name\" content=\"Vedere Valencia\" \/>\n<meta property=\"article:published_time\" content=\"2025-01-17T14:46:23+00:00\" \/>\n<meta property=\"article:modified_time\" content=\"2025-08-10T17:30:13+00:00\" \/>\n<meta property=\"og:image\" content=\"https:\/\/vederevalencia.it\/wp-content\/uploads\/2025\/01\/valencia-city-view-2023-11-27-05-25-14-utc.jpg\" \/>\n\t<meta property=\"og:image:width\" content=\"1920\" \/>\n\t<meta property=\"og:image:height\" content=\"1281\" \/>\n\t<meta property=\"og:image:type\" content=\"image\/jpeg\" \/>\n<meta name=\"author\" content=\"pier_vederevalencia\" \/>\n<meta name=\"twitter:card\" content=\"summary_large_image\" \/>\n<meta name=\"twitter:label1\" content=\"Escrito por\" \/>\n\t<meta name=\"twitter:data1\" content=\"pier_vederevalencia\" \/>\n\t<meta name=\"twitter:label2\" content=\"Tiempo de lectura\" \/>\n\t<meta name=\"twitter:data2\" content=\"4 minutos\" \/>\n<script type=\"application\/ld+json\" class=\"yoast-schema-graph\">{\"@context\":\"https:\/\/schema.org\",\"@graph\":[{\"@type\":\"Article\",\"@id\":\"https:\/\/vederevalencia.it\/es\/alla-scoperta-della-valencia-storica-i-monumenti-imprescindibili-da-visitare\/#article\",\"isPartOf\":{\"@id\":\"https:\/\/vederevalencia.it\/es\/alla-scoperta-della-valencia-storica-i-monumenti-imprescindibili-da-visitare\/\"},\"author\":{\"name\":\"pier_vederevalencia\",\"@id\":\"https:\/\/vederevalencia.it\/es\/#\/schema\/person\/c745b1b11e331036de458889344ca8ba\"},\"headline\":\"Descubrir la Valencia hist\u00f3rica: monumentos de visita obligada\",\"datePublished\":\"2025-01-17T14:46:23+00:00\",\"dateModified\":\"2025-08-10T17:30:13+00:00\",\"mainEntityOfPage\":{\"@id\":\"https:\/\/vederevalencia.it\/es\/alla-scoperta-della-valencia-storica-i-monumenti-imprescindibili-da-visitare\/\"},\"wordCount\":570,\"commentCount\":0,\"publisher\":{\"@id\":\"https:\/\/vederevalencia.it\/es\/#organization\"},\"image\":{\"@id\":\"https:\/\/vederevalencia.it\/es\/alla-scoperta-della-valencia-storica-i-monumenti-imprescindibili-da-visitare\/#primaryimage\"},\"thumbnailUrl\":\"https:\/\/vederevalencia.it\/wp-content\/uploads\/2025\/01\/valencia-city-view-2023-11-27-05-25-14-utc.jpg\",\"articleSection\":[\"Sin categorizar\"],\"inLanguage\":\"es\",\"potentialAction\":[{\"@type\":\"CommentAction\",\"name\":\"Comment\",\"target\":[\"https:\/\/vederevalencia.it\/es\/alla-scoperta-della-valencia-storica-i-monumenti-imprescindibili-da-visitare\/#respond\"]}]},{\"@type\":\"WebPage\",\"@id\":\"https:\/\/vederevalencia.it\/es\/alla-scoperta-della-valencia-storica-i-monumenti-imprescindibili-da-visitare\/\",\"url\":\"https:\/\/vederevalencia.it\/es\/alla-scoperta-della-valencia-storica-i-monumenti-imprescindibili-da-visitare\/\",\"name\":\"Descubrir la Valencia hist\u00f3rica: monumentos de visita obligada - Vedere Valencia\",\"isPartOf\":{\"@id\":\"https:\/\/vederevalencia.it\/es\/#website\"},\"primaryImageOfPage\":{\"@id\":\"https:\/\/vederevalencia.it\/es\/alla-scoperta-della-valencia-storica-i-monumenti-imprescindibili-da-visitare\/#primaryimage\"},\"image\":{\"@id\":\"https:\/\/vederevalencia.it\/es\/alla-scoperta-della-valencia-storica-i-monumenti-imprescindibili-da-visitare\/#primaryimage\"},\"thumbnailUrl\":\"https:\/\/vederevalencia.it\/wp-content\/uploads\/2025\/01\/valencia-city-view-2023-11-27-05-25-14-utc.jpg\",\"datePublished\":\"2025-01-17T14:46:23+00:00\",\"dateModified\":\"2025-08-10T17:30:13+00:00\",\"breadcrumb\":{\"@id\":\"https:\/\/vederevalencia.it\/es\/alla-scoperta-della-valencia-storica-i-monumenti-imprescindibili-da-visitare\/#breadcrumb\"},\"inLanguage\":\"es\",\"potentialAction\":[{\"@type\":\"ReadAction\",\"target\":[\"https:\/\/vederevalencia.it\/es\/alla-scoperta-della-valencia-storica-i-monumenti-imprescindibili-da-visitare\/\"]}]},{\"@type\":\"ImageObject\",\"inLanguage\":\"es\",\"@id\":\"https:\/\/vederevalencia.it\/es\/alla-scoperta-della-valencia-storica-i-monumenti-imprescindibili-da-visitare\/#primaryimage\",\"url\":\"https:\/\/vederevalencia.it\/wp-content\/uploads\/2025\/01\/valencia-city-view-2023-11-27-05-25-14-utc.jpg\",\"contentUrl\":\"https:\/\/vederevalencia.it\/wp-content\/uploads\/2025\/01\/valencia-city-view-2023-11-27-05-25-14-utc.jpg\",\"width\":1920,\"height\":1281,\"caption\":\"Street view with saint Joan church and famous food market Central in Valencia city, Spain\"},{\"@type\":\"BreadcrumbList\",\"@id\":\"https:\/\/vederevalencia.it\/es\/alla-scoperta-della-valencia-storica-i-monumenti-imprescindibili-da-visitare\/#breadcrumb\",\"itemListElement\":[{\"@type\":\"ListItem\",\"position\":1,\"name\":\"Portada\",\"item\":\"https:\/\/vederevalencia.it\/es\/\"},{\"@type\":\"ListItem\",\"position\":2,\"name\":\"Descubrir la Valencia hist\u00f3rica: monumentos de visita obligada\"}]},{\"@type\":\"WebSite\",\"@id\":\"https:\/\/vederevalencia.it\/es\/#website\",\"url\":\"https:\/\/vederevalencia.it\/es\/\",\"name\":\"Vedere Valencia\",\"description\":\"Pierluigi Melis Tours\",\"publisher\":{\"@id\":\"https:\/\/vederevalencia.it\/es\/#organization\"},\"potentialAction\":[{\"@type\":\"SearchAction\",\"target\":{\"@type\":\"EntryPoint\",\"urlTemplate\":\"https:\/\/vederevalencia.it\/es\/?s={search_term_string}\"},\"query-input\":{\"@type\":\"PropertyValueSpecification\",\"valueRequired\":true,\"valueName\":\"search_term_string\"}}],\"inLanguage\":\"es\"},{\"@type\":\"Organization\",\"@id\":\"https:\/\/vederevalencia.it\/es\/#organization\",\"name\":\"Vedere Valencia\",\"url\":\"https:\/\/vederevalencia.it\/es\/\",\"logo\":{\"@type\":\"ImageObject\",\"inLanguage\":\"es\",\"@id\":\"https:\/\/vederevalencia.it\/es\/#\/schema\/logo\/image\/\",\"url\":\"https:\/\/vederevalencia.it\/wp-content\/uploads\/2022\/09\/Logo.jpg\",\"contentUrl\":\"https:\/\/vederevalencia.it\/wp-content\/uploads\/2022\/09\/Logo.jpg\",\"width\":101,\"height\":91,\"caption\":\"Vedere Valencia\"},\"image\":{\"@id\":\"https:\/\/vederevalencia.it\/es\/#\/schema\/logo\/image\/\"}},{\"@type\":\"Person\",\"@id\":\"https:\/\/vederevalencia.it\/es\/#\/schema\/person\/c745b1b11e331036de458889344ca8ba\",\"name\":\"pier_vederevalencia\",\"image\":{\"@type\":\"ImageObject\",\"inLanguage\":\"es\",\"@id\":\"https:\/\/vederevalencia.it\/es\/#\/schema\/person\/image\/\",\"url\":\"https:\/\/secure.gravatar.com\/avatar\/4cde4ef61295bf3ade2023a291902abd33441a07c0a8674d17f8802503dabccb?s=96&d=mm&r=g\",\"contentUrl\":\"https:\/\/secure.gravatar.com\/avatar\/4cde4ef61295bf3ade2023a291902abd33441a07c0a8674d17f8802503dabccb?s=96&d=mm&r=g\",\"caption\":\"pier_vederevalencia\"},\"sameAs\":[\"https:\/\/vederevalencia.it\"],\"url\":\"https:\/\/vederevalencia.it\/es\/author\/pier_vederevalencia\/\"}]}<\/script>\n<!-- \/ Yoast SEO plugin. -->","yoast_head_json":{"title":"Descubrir la Valencia hist\u00f3rica: monumentos de visita obligada - Vedere Valencia","robots":{"index":"noindex","follow":"follow","max-snippet":"max-snippet:-1","max-image-preview":"max-image-preview:large","max-video-preview":"max-video-preview:-1"},"og_locale":"es_ES","og_type":"article","og_title":"Descubrir la Valencia hist\u00f3rica: monumentos de visita obligada - Vedere Valencia","og_description":"Valencia es una ciudad con una historia milenaria que se refleja en sus monumentos, plazas y calles del casco hist\u00f3rico. Un viaje al coraz\u00f3n de la ciudad permite sumergirse en diferentes \u00e9pocas, desde el per\u00edodo romano hasta el barroco, pasando por la Edad Media y el Renacimiento. Este recorrido por sus arquitecturas m\u00e1s significativas ofrece [&hellip;]","og_url":"https:\/\/vederevalencia.it\/es\/alla-scoperta-della-valencia-storica-i-monumenti-imprescindibili-da-visitare\/","og_site_name":"Vedere Valencia","article_published_time":"2025-01-17T14:46:23+00:00","article_modified_time":"2025-08-10T17:30:13+00:00","og_image":[{"width":1920,"height":1281,"url":"https:\/\/vederevalencia.it\/wp-content\/uploads\/2025\/01\/valencia-city-view-2023-11-27-05-25-14-utc.jpg","type":"image\/jpeg"}],"author":"pier_vederevalencia","twitter_card":"summary_large_image","twitter_misc":{"Escrito por":"pier_vederevalencia","Tiempo de lectura":"4 minutos"},"schema":{"@context":"https:\/\/schema.org","@graph":[{"@type":"Article","@id":"https:\/\/vederevalencia.it\/es\/alla-scoperta-della-valencia-storica-i-monumenti-imprescindibili-da-visitare\/#article","isPartOf":{"@id":"https:\/\/vederevalencia.it\/es\/alla-scoperta-della-valencia-storica-i-monumenti-imprescindibili-da-visitare\/"},"author":{"name":"pier_vederevalencia","@id":"https:\/\/vederevalencia.it\/es\/#\/schema\/person\/c745b1b11e331036de458889344ca8ba"},"headline":"Descubrir la Valencia hist\u00f3rica: monumentos de visita obligada","datePublished":"2025-01-17T14:46:23+00:00","dateModified":"2025-08-10T17:30:13+00:00","mainEntityOfPage":{"@id":"https:\/\/vederevalencia.it\/es\/alla-scoperta-della-valencia-storica-i-monumenti-imprescindibili-da-visitare\/"},"wordCount":570,"commentCount":0,"publisher":{"@id":"https:\/\/vederevalencia.it\/es\/#organization"},"image":{"@id":"https:\/\/vederevalencia.it\/es\/alla-scoperta-della-valencia-storica-i-monumenti-imprescindibili-da-visitare\/#primaryimage"},"thumbnailUrl":"https:\/\/vederevalencia.it\/wp-content\/uploads\/2025\/01\/valencia-city-view-2023-11-27-05-25-14-utc.jpg","articleSection":["Sin categorizar"],"inLanguage":"es","potentialAction":[{"@type":"CommentAction","name":"Comment","target":["https:\/\/vederevalencia.it\/es\/alla-scoperta-della-valencia-storica-i-monumenti-imprescindibili-da-visitare\/#respond"]}]},{"@type":"WebPage","@id":"https:\/\/vederevalencia.it\/es\/alla-scoperta-della-valencia-storica-i-monumenti-imprescindibili-da-visitare\/","url":"https:\/\/vederevalencia.it\/es\/alla-scoperta-della-valencia-storica-i-monumenti-imprescindibili-da-visitare\/","name":"Descubrir la Valencia hist\u00f3rica: monumentos de visita obligada - Vedere Valencia","isPartOf":{"@id":"https:\/\/vederevalencia.it\/es\/#website"},"primaryImageOfPage":{"@id":"https:\/\/vederevalencia.it\/es\/alla-scoperta-della-valencia-storica-i-monumenti-imprescindibili-da-visitare\/#primaryimage"},"image":{"@id":"https:\/\/vederevalencia.it\/es\/alla-scoperta-della-valencia-storica-i-monumenti-imprescindibili-da-visitare\/#primaryimage"},"thumbnailUrl":"https:\/\/vederevalencia.it\/wp-content\/uploads\/2025\/01\/valencia-city-view-2023-11-27-05-25-14-utc.jpg","datePublished":"2025-01-17T14:46:23+00:00","dateModified":"2025-08-10T17:30:13+00:00","breadcrumb":{"@id":"https:\/\/vederevalencia.it\/es\/alla-scoperta-della-valencia-storica-i-monumenti-imprescindibili-da-visitare\/#breadcrumb"},"inLanguage":"es","potentialAction":[{"@type":"ReadAction","target":["https:\/\/vederevalencia.it\/es\/alla-scoperta-della-valencia-storica-i-monumenti-imprescindibili-da-visitare\/"]}]},{"@type":"ImageObject","inLanguage":"es","@id":"https:\/\/vederevalencia.it\/es\/alla-scoperta-della-valencia-storica-i-monumenti-imprescindibili-da-visitare\/#primaryimage","url":"https:\/\/vederevalencia.it\/wp-content\/uploads\/2025\/01\/valencia-city-view-2023-11-27-05-25-14-utc.jpg","contentUrl":"https:\/\/vederevalencia.it\/wp-content\/uploads\/2025\/01\/valencia-city-view-2023-11-27-05-25-14-utc.jpg","width":1920,"height":1281,"caption":"Street view with saint Joan church and famous food market Central in Valencia city, Spain"},{"@type":"BreadcrumbList","@id":"https:\/\/vederevalencia.it\/es\/alla-scoperta-della-valencia-storica-i-monumenti-imprescindibili-da-visitare\/#breadcrumb","itemListElement":[{"@type":"ListItem","position":1,"name":"Portada","item":"https:\/\/vederevalencia.it\/es\/"},{"@type":"ListItem","position":2,"name":"Descubrir la Valencia hist\u00f3rica: monumentos de visita obligada"}]},{"@type":"WebSite","@id":"https:\/\/vederevalencia.it\/es\/#website","url":"https:\/\/vederevalencia.it\/es\/","name":"Vedere Valencia","description":"Pierluigi Melis Tours","publisher":{"@id":"https:\/\/vederevalencia.it\/es\/#organization"},"potentialAction":[{"@type":"SearchAction","target":{"@type":"EntryPoint","urlTemplate":"https:\/\/vederevalencia.it\/es\/?s={search_term_string}"},"query-input":{"@type":"PropertyValueSpecification","valueRequired":true,"valueName":"search_term_string"}}],"inLanguage":"es"},{"@type":"Organization","@id":"https:\/\/vederevalencia.it\/es\/#organization","name":"Vedere Valencia","url":"https:\/\/vederevalencia.it\/es\/","logo":{"@type":"ImageObject","inLanguage":"es","@id":"https:\/\/vederevalencia.it\/es\/#\/schema\/logo\/image\/","url":"https:\/\/vederevalencia.it\/wp-content\/uploads\/2022\/09\/Logo.jpg","contentUrl":"https:\/\/vederevalencia.it\/wp-content\/uploads\/2022\/09\/Logo.jpg","width":101,"height":91,"caption":"Vedere Valencia"},"image":{"@id":"https:\/\/vederevalencia.it\/es\/#\/schema\/logo\/image\/"}},{"@type":"Person","@id":"https:\/\/vederevalencia.it\/es\/#\/schema\/person\/c745b1b11e331036de458889344ca8ba","name":"pier_vederevalencia","image":{"@type":"ImageObject","inLanguage":"es","@id":"https:\/\/vederevalencia.it\/es\/#\/schema\/person\/image\/","url":"https:\/\/secure.gravatar.com\/avatar\/4cde4ef61295bf3ade2023a291902abd33441a07c0a8674d17f8802503dabccb?s=96&d=mm&r=g","contentUrl":"https:\/\/secure.gravatar.com\/avatar\/4cde4ef61295bf3ade2023a291902abd33441a07c0a8674d17f8802503dabccb?s=96&d=mm&r=g","caption":"pier_vederevalencia"},"sameAs":["https:\/\/vederevalencia.it"],"url":"https:\/\/vederevalencia.it\/es\/author\/pier_vederevalencia\/"}]}},"_links":{"self":[{"href":"https:\/\/vederevalencia.it\/es\/wp-json\/wp\/v2\/posts\/1231","targetHints":{"allow":["GET"]}}],"collection":[{"href":"https:\/\/vederevalencia.it\/es\/wp-json\/wp\/v2\/posts"}],"about":[{"href":"https:\/\/vederevalencia.it\/es\/wp-json\/wp\/v2\/types\/post"}],"author":[{"embeddable":true,"href":"https:\/\/vederevalencia.it\/es\/wp-json\/wp\/v2\/users\/1"}],"replies":[{"embeddable":true,"href":"https:\/\/vederevalencia.it\/es\/wp-json\/wp\/v2\/comments?post=1231"}],"version-history":[{"count":2,"href":"https:\/\/vederevalencia.it\/es\/wp-json\/wp\/v2\/posts\/1231\/revisions"}],"predecessor-version":[{"id":1237,"href":"https:\/\/vederevalencia.it\/es\/wp-json\/wp\/v2\/posts\/1231\/revisions\/1237"}],"wp:featuredmedia":[{"embeddable":true,"href":"https:\/\/vederevalencia.it\/es\/wp-json\/wp\/v2\/media\/388"}],"wp:attachment":[{"href":"https:\/\/vederevalencia.it\/es\/wp-json\/wp\/v2\/media?parent=1231"}],"wp:term":[{"taxonomy":"category","embeddable":true,"href":"https:\/\/vederevalencia.it\/es\/wp-json\/wp\/v2\/categories?post=1231"},{"taxonomy":"post_tag","embeddable":true,"href":"https:\/\/vederevalencia.it\/es\/wp-json\/wp\/v2\/tags?post=1231"}],"curies":[{"name":"wp","href":"https:\/\/api.w.org\/{rel}","templated":true}]}}